{"id":2555,"date":"2022-05-23T16:00:25","date_gmt":"2022-05-23T14:00:25","guid":{"rendered":"https:\/\/adler-leukerbad.ch\/?p=2555"},"modified":"2022-05-31T20:30:35","modified_gmt":"2022-05-31T18:30:35","slug":"nouvelle-location","status":"publish","type":"post","link":"https:\/\/adler-leukerbad.ch\/fr\/nouvelle-location\/","title":{"rendered":"Nouvelle location"},"content":{"rendered":"<p style=\"text-align: right;\"><em>mai 2022<\/em><\/p>\n<p>Chers H\u00f4tes de l\u2019Immeuble Adler,<\/p>\n<p>Tout d&rsquo;abord, nous tenons \u00e0 vous remercier d&rsquo;avoir souvent pass\u00e9 vos vacances dans notre immeuble.<\/p>\n<p>A partir du 1er juin 2022, nous avons confi\u00e9 \u00e0 Ferien-Vacances (FV), Mme Vesselka Hanss, la prise en charge des locations des appartements de l\u2019Immeuble Adler.<\/p>\n<p>Pour vous, en tant qu\u2019h\u00f4te, seule la personne de contact changera. Les coordonn\u00e9es de Mme Hanss de FV pour les r\u00e9servations, les renseignements, etc. sont les suivantes :<\/p>\n<p>T\u00e9l\u00e9phone : +41(0) 27 530 01 70<br \/>\nPortable :\u00a0\u00a0 \u00a0 +41(0) 76 761 03 44<br \/>\ne-mail : <a href=\"mailto:info@ferien-vacances.ch\">info@ferien-vacances.ch<\/a><\/p>\n<p>Le num\u00e9ro de t\u00e9l\u00e9phone de l\u2019Immeuble Adler ainsi que l\u2019adresse <a href=\"mailto:haus@adler-leukerbad.ch\"> haus@adler-leukerbad.ch<\/a> ont \u00e9galement \u00e9t\u00e9 transf\u00e9r\u00e9s \u00e0 Mme Hanss. De plus, notre page d&rsquo;accueil <a href=\"https:\/\/adler-leukerbad.ch\">adler-leukerbad.ch<\/a> restera active.<\/p>\n<p>Pour sa part, Mme Liebi continuera d\u2019assurer la conciergerie g\u00e9n\u00e9rale de l\u2019immeuble.<\/p>\n<p>Nous vous remercions sinc\u00e8rement pour la confiance que vous continuerez de nous accorder.<\/p>\n<p>De notre c\u00f4t\u00e9, nous nous r\u00e9jouissons de la bonne collaboration que nous d\u00e9velopperons d\u00e8s le mois de juin avec Mme Vesselka Hanss de FV.<\/p>\n","protected":false},"excerpt":{"rendered":"<p>mai 2022 Chers H\u00f4tes de l\u2019Immeuble Adler, Tout d&rsquo;abord, nous tenons \u00e0 vous remercier d&rsquo;avoir souvent pass\u00e9 vos vacances dans notre immeuble. A partir du 1er juin 2022, nous avons confi\u00e9 \u00e0 Ferien-Vacances (FV), Mme Vesselka Hanss, la prise en charge des locations des appartements de l\u2019Immeuble Adler. Pour vous, en tant qu\u2019h\u00f4te, seule la&#8230;<\/p>\n","protected":false},"author":1,"featured_media":0,"comment_status":"open","ping_status":"open","sticky":false,"template":"","format":"standard","meta":{"footnotes":""},"categories":[38],"tags":[],"class_list":["post-2555","post","type-post","status-publish","format-standard","hentry","category-non-classifiee"],"_links":{"self":[{"href":"https:\/\/adler-leukerbad.ch\/fr\/wp-json\/wp\/v2\/posts\/2555","targetHints":{"allow":["GET"]}}],"collection":[{"href":"https:\/\/adler-leukerbad.ch\/fr\/wp-json\/wp\/v2\/posts"}],"about":[{"href":"https:\/\/adler-leukerbad.ch\/fr\/wp-json\/wp\/v2\/types\/post"}],"author":[{"embeddable":true,"href":"https:\/\/adler-leukerbad.ch\/fr\/wp-json\/wp\/v2\/users\/1"}],"replies":[{"embeddable":true,"href":"https:\/\/adler-leukerbad.ch\/fr\/wp-json\/wp\/v2\/comments?post=2555"}],"version-history":[{"count":9,"href":"https:\/\/adler-leukerbad.ch\/fr\/wp-json\/wp\/v2\/posts\/2555\/revisions"}],"predecessor-version":[{"id":2623,"href":"https:\/\/adler-leukerbad.ch\/fr\/wp-json\/wp\/v2\/posts\/2555\/revisions\/2623"}],"wp:attachment":[{"href":"https:\/\/adler-leukerbad.ch\/fr\/wp-json\/wp\/v2\/media?parent=2555"}],"wp:term":[{"taxonomy":"category","embeddable":true,"href":"https:\/\/adler-leukerbad.ch\/fr\/wp-json\/wp\/v2\/categories?post=2555"},{"taxonomy":"post_tag","embeddable":true,"href":"https:\/\/adler-leukerbad.ch\/fr\/wp-json\/wp\/v2\/tags?post=2555"}],"curies":[{"name":"wp","href":"https:\/\/api.w.org\/{rel}","templated":true}]}}